{"id":12061,"date":"2020-02-28T13:40:59","date_gmt":"2020-02-28T13:40:59","guid":{"rendered":"http:\/\/www.douglas.cork.anglican.org\/web\/?p=12061"},"modified":"2020-02-28T14:02:02","modified_gmt":"2020-02-28T14:02:02","slug":"parish-matters-march-2020","status":"publish","type":"post","link":"http:\/\/www.douglas.cork.anglican.org\/web\/parish-matters-march-2020\/","title":{"rendered":"Parish Matters March 2020"},"content":{"rendered":"<p id=\"FOiIfqH\"><img decoding=\"async\" width=\"300\" height=\"197\" class=\"alignnone size-full wp-image-12064 \" src=\"http:\/\/www.douglas.cork.anglican.org\/web\/wp-content\/uploads\/2020\/02\/img_5e5918ebcb5a7.png\" alt=\"\" srcset=\"http:\/\/www.douglas.cork.anglican.org\/web\/wp-content\/uploads\/2020\/02\/img_5e5918ebcb5a7-200x131.png 200w, http:\/\/www.douglas.cork.anglican.org\/web\/wp-content\/uploads\/2020\/02\/img_5e5918ebcb5a7.png 300w\" sizes=\"(max-width: 300px) 100vw, 300px\" \/><\/p>\n<p><strong>The Rector writes\u2026\u2026 <\/strong><\/p>\n<p>We are in the season of <strong>Lent<\/strong>. The word itself comes from an old English word meaning \u2018the lengthening of days\u2019 or Spring. In earliest times it was observed by those who were preparing for the baptism at Easter. Later the 40 days of Lent were identified with the 40 days Jesus spent in the wilderness. Each year it provides us with an opportunity to re-examine our lives and through prayer, study and self-denial, to renew our love for God. This might sound a little daunting and forbidding. Self-denial and discipline do not come easy to any of us. But remember again the origin of the word Lent. It is associated with longer days and more light, increased warmth and the resultant growth. It is something very positive and creative. It is about re-energising what has always been there but lain dormant.<\/p>\n<p>This year I have organised a programme in the parish to help reinvigorate our faith both as individuals and as a community. By now I hope many of you are enjoying working through at short section of Matthew\u2019s Gospel, each day in Lent using the excellent guide written by Bishop Tom Wright. You will see in this issue of Parish Matters information on our first ever Lent Quiet Day on Saturday 28 March. I am delighted that <strong>Bishop Michael Burrows<\/strong> will be with us to guide our thoughts and to join us for worship. He has written a few lines about his chosen theme to whet your appetite! The day runs from mid-morning to mid-afternoon and I hope many of you will make it a priority to attend. Next month, for Holy Week, we will welcome back another former curate as our guest preacher \u2013 <strong>Canon Eithne Lynch<\/strong>. Again, I know many of you remember her ministry in this parish with affection and thanksgiving.<\/p>\n<p>The lengthening of days, fresh growth, the increased radiance of the sun, these are all part of Spring. The same is true about the spirituality of Lent. In that sense I wish you all a good Lent.<\/p>\n<p>&nbsp;&nbsp;&nbsp;&nbsp;&nbsp;&nbsp;&nbsp;&nbsp;&nbsp;&nbsp;&nbsp;&nbsp;&nbsp;&nbsp;&nbsp; God bless,&nbsp;&nbsp;&nbsp;&nbsp;&nbsp;&nbsp;&nbsp; Adrian<\/p>\n<p>&nbsp;<\/p>\n<p>&nbsp;<\/p>\n<p><strong>&nbsp;<\/strong><\/p>\n<p id=\"cVRrRhG\"><img decoding=\"async\" class=\"alignnone wp-image-12066 \" src=\"http:\/\/www.douglas.cork.anglican.org\/web\/wp-content\/uploads\/2020\/02\/img_5e5919344baac.png\" alt=\"\" width=\"120\" height=\"131\" srcset=\"http:\/\/www.douglas.cork.anglican.org\/web\/wp-content\/uploads\/2020\/02\/img_5e5919344baac-200x219.png 200w, http:\/\/www.douglas.cork.anglican.org\/web\/wp-content\/uploads\/2020\/02\/img_5e5919344baac.png 221w\" sizes=\"(max-width: 120px) 100vw, 120px\" \/><\/p>\n<p><strong>St Luke\u2019s School Notes<\/strong> Every year the Ashton Players invite our 5th and 6th classes to their dramatic performance produced by their Transition year group. This year our classes really enjoyed their production of \u201cThe Pirates of Penzance. It was a superb and a real pleasure to see so many of our past pupils involved. Well done and thank you to Ashton.<\/p>\n<p>We were delighted to welcome Anne and John from St Vincent de Paul to a recent assembly where they were presented with a cheque for over \u20ac1,700. This money was collected at our Carol services at Christmas. John also spoke to us about the important work they do and explained how the money is used. Many thanks to all who contributed to our appeal.<\/p>\n<p>As part of our involvement in the Creative Schools\u2019 scheme many of our classes are engaging in creative schools\u2019 homework. These activities range from designing their own mode of transport, making creative creatures to creations using leaves.<\/p>\n<p>4th Class were delighted to take part again this year in the \u2018STEAM\u2019 Engineering in a Box\u2019 programme in conjunction with UCC and MEP Engineering. A big thank you to Wesley Bateman who has volunteered his time and expertise to deliver this very worthwhile programme.<\/p>\n<p>Many of our classes have been very active recently. Junior and Senior Infants are really enjoying their Playball classes where they are focusing on fundamental movement skills and 3rd Class are taking part in an Athletics course.<\/p>\n<p>Cork Mental Health Association gave a very informative talk to our 6th Class pupils in January. We thank this Association for raising awareness in schools of this very important issue.<\/p>\n<p>We are always pleased to welcome students on TY work experience, Community Action and work placements. At present Alex O\u2019Regan, Amy Dunne, Elizabeth Ivanova, Eoghan Bateman and Sarah Stanley are working with us.<\/p>\n<p>Many congratulation to Ms Wilson, our Senior Infant teacher on her recent marriage to Tadhg O\u2019Brien.<\/p>\n<p>&nbsp;<\/p>\n<p><strong>&nbsp;<\/strong><\/p>\n<p id=\"bekMmch\">&nbsp;<\/p>\n<p id=\"YwGiQmi\"><img decoding=\"async\" class=\"alignnone wp-image-12068 \" src=\"http:\/\/www.douglas.cork.anglican.org\/web\/wp-content\/uploads\/2020\/02\/img_5e5919822bed5.png\" alt=\"\" width=\"111\" height=\"167\"><\/p>\n<p><strong>St Michael\u2019s School Notes <\/strong>St Michael&#8217;s have been very active lately with classes enjoying a range of activities including Gaelic football, cycling, athletics, fundamental&nbsp;movement skills, local walks and hockey. We are especially thankful to Cork Sports Partnership, St Michael&#8217;s GFC and Blackrock Hurling Club for facilitating these opportunities.<\/p>\n<p>We were delighted with 2nd place in the local Credit Union Schools quiz for our senior quiz team. They had some seriously tough competition in a tie breaker round and were pipped to the post with a score of 50 to 51! Well done to John, Conor, Harry and Liam.<\/p>\n<p>Recently in assembly we were given a copy of &#8216;Praying Together\u2019, a book of prayers edited by Jacqui Wilkinson. Our 6th class had one of their prayers included in this beautiful collection. We look forward to using these prayers throughout the year.<\/p>\n<p>5th and 6th class visited the Glucksman gallery at UCC, Cork City Museum and Fitzgerald&#8217;s Park and Oak Room pupils are heading to the Everyman Palace to see a musical. Pupils from 1st to 6th are looking forward to singing at the Ash Wednesday service in St Fin barre&#8217;s Cathedral.<\/p>\n<p>Sophie and David visited us from Ashton as part of their TY programme to talk to 3rd and 4th class about internet safety.<\/p>\n<p>We are delighted to be facilitating teaching placements for three student teachers this term, Kate Healy, Kate Ahern and Mark Ryan Purcell (who is a past pupil).<\/p>\n<p>We were visited by Paul from the RNLI, who told us about the important work they do. We presented him with a cheque for 400 euro which we raised during our Carol singing at Christmas.<\/p>\n<p>&nbsp;<\/p>\n<p><strong>Annual Review of the Register of Vestry Members for Douglas Union<\/strong> will be reviewed on Thursday, 5th March at 7.45 pm in the Canon Packham Hall. The Select Vestry will then have their meeting at 8pm.<\/p>\n<p><strong>&nbsp;<\/strong><\/p>\n<p><strong><img decoding=\"async\" class=\"\" src=\"http:\/\/www.douglas.cork.anglican.org\/web\/wp-content\/uploads\/2020\/02\/hymn-singing.jpg\" width=\"140\" height=\"99\"><\/strong><\/p>\n<p id=\"dDDXZqv\">&nbsp;<\/p>\n<p><strong>Hymn singing<\/strong>: Tuesdays&nbsp;, 3rd March at &nbsp;7.30-9.30 pm<\/p>\n<p>Please contact Florence Binions if interested, as space is limited.&nbsp;<\/p>\n<p>&nbsp;<\/p>\n<p><strong>GIY<\/strong>&nbsp; &nbsp;Grow it Yourself, will meet in St. Mary\u2019s Church Hall Passage West on Thursday, 19<sup>th<\/sup> March at 7.30pm.&nbsp; Get growing tasty fruit and veg!&nbsp; For beginners, intermediate and experienced veg and fruit growers.&nbsp; Monthly meetings are held on the 3<sup>rd<\/sup> Thursday of each month.&nbsp; For more information email <a href=\"mailto:pgmgrowityourself@gmail.com\">pgmgrowityourself@gmail.com<\/a> or phone 085\/8701386<\/p>\n<p>&nbsp;<\/p>\n<p><strong>Additional Services in Lent<\/strong><\/p>\n<p>Throughout Lent, there will be a short service of Morning Prayer in St Michael\u2019s Church in Blackrock every Monday at 11.00am. Every Wednesday the mid-week Eucharist will be in St Luke\u2019s Douglas at 11.00am.<\/p>\n<p>&nbsp;<\/p>\n<p><strong>&nbsp;<\/strong><\/p>\n<p id=\"PzhZyIG\">&nbsp;<\/p>\n<p id=\"GYeNvLf\"><img decoding=\"async\" class=\"alignnone wp-image-12073 \" src=\"http:\/\/www.douglas.cork.anglican.org\/web\/wp-content\/uploads\/2020\/02\/img_5e591b0c6e0b5.png\" alt=\"\" width=\"120\" height=\"160\" srcset=\"http:\/\/www.douglas.cork.anglican.org\/web\/wp-content\/uploads\/2020\/02\/img_5e591b0c6e0b5-200x267.png 200w, http:\/\/www.douglas.cork.anglican.org\/web\/wp-content\/uploads\/2020\/02\/img_5e591b0c6e0b5.png 225w\" sizes=\"(max-width: 120px) 100vw, 120px\" \/><\/p>\n<p><strong>Lent Book<\/strong><\/p>\n<p>Lent is a time for reflecting, spiritual discipline and perhaps doing a little reading to help us grow in our faith. With that in mind, this year as a parish we are reading Lent for Everyone &#8211; Matthew, by the bishop and biblical scholar Tom Wright. He has divided Matthew\u2019s gospel into sections, one for each day in Lent, with a short explanation or thought added to help reflection and concludes with a prayer. When we did this exercise several years ago, those involved found it very rewarding.<\/p>\n<p>&nbsp;<\/p>\n<p>&nbsp;<\/p>\n<p>&nbsp;<\/p>\n<p><strong>&nbsp;<\/strong><\/p>\n<p id=\"GMBUTrs\"><img decoding=\"async\" class=\"alignnone wp-image-12075 \" src=\"http:\/\/www.douglas.cork.anglican.org\/web\/wp-content\/uploads\/2020\/02\/img_5e591b4771dc9.png\" alt=\"\" width=\"125\" height=\"125\" srcset=\"http:\/\/www.douglas.cork.anglican.org\/web\/wp-content\/uploads\/2020\/02\/img_5e591b4771dc9-66x66.png 66w, http:\/\/www.douglas.cork.anglican.org\/web\/wp-content\/uploads\/2020\/02\/img_5e591b4771dc9-150x150.png 150w, http:\/\/www.douglas.cork.anglican.org\/web\/wp-content\/uploads\/2020\/02\/img_5e591b4771dc9-200x200.png 200w, http:\/\/www.douglas.cork.anglican.org\/web\/wp-content\/uploads\/2020\/02\/img_5e591b4771dc9.png 300w\" sizes=\"(max-width: 125px) 100vw, 125px\" \/><\/p>\n<p><strong>Climate Change Lectures &nbsp;9<sup>th<\/sup> March UCC<\/strong><\/p>\n<p>&nbsp;<\/p>\n<p>Prof. Katharine Hayhoe is an eminent atmospheric scientist and Professor of Political Science at Texas Tech University USA, where she is director of the Climate Science Centre. (Wikipedia page&nbsp;<a href=\"https:\/\/en.wikipedia.org\/wiki\/Katharine_Hayhoe\">https:\/\/en.wikipedia.org\/wiki\/Katharine_Hayhoe<\/a>) She is a hugely respected figure in her field and is perhaps one of the best global communicators on climate change. In 2014 she was named in TIME magazine\u2019s list of the 100 most influential people in the world. In 2019 she was made one of the United Nations Champions of the Earth.<\/p>\n<p>&nbsp;<\/p>\n<p>As a Christian, she addresses the issues of Climate Change from the position of both science and faith. Her first talk, at&nbsp;17.00pm, is geared towards the scientific community and her second talk at&nbsp;20.00pm&nbsp;is aimed more towards the Christian community.<\/p>\n<p>&nbsp;<\/p>\n<p>It is a great opportunity to hear from a highly respected scientist, and person of faith, about an issue crucial to everyone.<\/p>\n<p>&nbsp;<\/p>\n<p><strong>&nbsp;<\/strong><\/p>\n<p><strong>&nbsp;<\/strong><\/p>\n<p id=\"AdfpNYy\"><img decoding=\"async\" width=\"96\" height=\"96\" class=\"alignnone size-full wp-image-12076 \" src=\"http:\/\/www.douglas.cork.anglican.org\/web\/wp-content\/uploads\/2020\/02\/img_5e591b7c40d9a.png\" alt=\"\" srcset=\"http:\/\/www.douglas.cork.anglican.org\/web\/wp-content\/uploads\/2020\/02\/img_5e591b7c40d9a-66x66.png 66w, http:\/\/www.douglas.cork.anglican.org\/web\/wp-content\/uploads\/2020\/02\/img_5e591b7c40d9a.png 96w\" sizes=\"(max-width: 96px) 100vw, 96px\" \/><\/p>\n<p><strong>Service in Irish on St Patrick\u2019s Eve<\/strong><\/p>\n<p>16\u00fa M\u00e1rta: T\u00e1 \u00e1thas orainn sa phar\u00f3iste seo f\u00e1ilte a chur roimh Cheili\u00faradh na Comaoineach Naofa don Deoise i mbliana. Bh\u00ed s\u00e9 i nD\u00fan M\u00e1nmha\u00ed and bhliain seo caite, is gCarraig u\u00ed Laighin roimhe sin. Cruinni\u00fa \u00e1thasach \u00ed seo don deoise do gach duine a bhfuil beag\u00e1in\u00edn beag Ghaeilge acu, agus b\u00edonn aistri\u00fach\u00e1n B\u00e9arla de gach rud ar f\u00e1il leis. Ag 7.30pm i dteampall Naomh L\u00fac\u00e1is.<\/p>\n<p>&nbsp;<\/p>\n<p><strong>&nbsp;<\/strong><\/p>\n<p id=\"ZwxHnkh\"><img decoding=\"async\" class=\"alignnone wp-image-12078 \" src=\"http:\/\/www.douglas.cork.anglican.org\/web\/wp-content\/uploads\/2020\/02\/img_5e591bc5c87dd.png\" alt=\"\" width=\"179\" height=\"134\" srcset=\"http:\/\/www.douglas.cork.anglican.org\/web\/wp-content\/uploads\/2020\/02\/img_5e591bc5c87dd-200x150.png 200w, http:\/\/www.douglas.cork.anglican.org\/web\/wp-content\/uploads\/2020\/02\/img_5e591bc5c87dd.png 300w\" sizes=\"(max-width: 179px) 100vw, 179px\" \/><\/p>\n<p><strong>Come and Sing&nbsp;&nbsp; John Stainer\u2019s The Crucifixion<\/strong><\/p>\n<p>St Fin Barre&#8217;s Cathedral will be hosting a&nbsp;Come&nbsp;and&nbsp;Sing&nbsp;Stainer&#8217;s Crucifixion&nbsp;on Saturday 28th March 2020. Singers from across the diocese are encouraged to support this event and all abilities are most welcome!&nbsp;There will be a rehearsal at 2pm and the performance itself is at 6pm. There will be a charge of \u20ac10 to cover costs. Please let Peter Stobart know if you are planning on attending:&nbsp;<a href=\"mailto:directorofmusicsfb@gmail.com\">directorofmusicsfb@gmail.com<\/a><\/p>\n<p><strong>&nbsp;<\/strong><\/p>\n<p><strong>Old Schoolhouse Lunch <\/strong>will take place on Wednesday, 25<sup>th<\/sup> March at 12.30pm in the Old Schoolhouse, Blackrock.<\/p>\n<p><strong>&nbsp;<\/strong><\/p>\n<p><strong>&nbsp;<\/strong><\/p>\n<p><strong>&nbsp;<\/strong><\/p>\n<p><strong>&nbsp;<\/strong><\/p>\n<p id=\"WpKwRsl\"><img decoding=\"async\" class=\"alignnone wp-image-12081 \" src=\"http:\/\/www.douglas.cork.anglican.org\/web\/wp-content\/uploads\/2020\/02\/img_5e591c4d176ac.png\" alt=\"\" width=\"225\" height=\"169\" srcset=\"http:\/\/www.douglas.cork.anglican.org\/web\/wp-content\/uploads\/2020\/02\/img_5e591c4d176ac-200x150.png 200w, http:\/\/www.douglas.cork.anglican.org\/web\/wp-content\/uploads\/2020\/02\/img_5e591c4d176ac.png 300w\" sizes=\"(max-width: 225px) 100vw, 225px\" \/><\/p>\n<p><strong>Lent Quiet Day with Bishop Burrows<\/strong><\/p>\n<p>This year, as part of our ambition to host 20 significant events in our parish in 2020, we are holding our first ever Parish Quiet Day. We very much look forward to having Bishop Michael Burrows with us on Saturday 28 March. The day starts at 10.30 and we will divide our time between the Canon Packham Hall in Douglas and St Luke\u2019s Church. All are welcome.<\/p>\n<p>Bishop Michael writes, \u2018I thought I might reflect on aspects of my own journey since I became curate of Douglas and \u2018cut my teeth\u2019 in ministry, in the hope that they might have some wider interest. For me Douglas has been in many ways the \u2018place where all the ladders start \u2018, and in returning to that context in 2020, I want to look with new eyes particularly at two biblical passages which bring me right back to where I started&nbsp;<\/p>\n<ol>\n<li>The calling of Isaiah (chapter 6) so often read at ordinations.&nbsp;<\/li>\n<li>&nbsp;Jesus \u2018conversation with Peter (John 21), the command to feed the sheep, which I vividly recall was the passage chosen for reflection at my pre &#8211; ordination quiet day with the diocesan clergy in St Luke\u2019s Douglas on June 22 1987&nbsp;<\/li>\n<\/ol>\n<p>I hope, during a delightful opportunity to return to my spiritual roots, to focus on texts which for me offer new pearls of great price in terms of discipleship and service in the times we know.\u2019&nbsp;<\/p>\n<p>&nbsp;<\/p>\n<p><strong>Visit of Logos Hope<\/strong> The Christian charity Operation Mobilisation has recently announced that their International ship the&nbsp;<em>Logos Hope<\/em>&nbsp;is coming to Penrose Quay in Cork for two weeks at the end of May. There are over 400 Christian volunteers on board, and they hale from 60 different nations. The ship will also be open for visitors between 27 May and 9 June 2020.<\/p>\n<p>A good website to get a sense of the totality of the ship\u2019s ministry is:&nbsp;<a href=\"https:\/\/nam03.safelinks.protection.outlook.com\/?url=https%3A%2F%2Fwww.om.org%2Fships%2F&amp;data=02%7C01%7CCatherine.Obrolchain%40om.org%7C7ce0d56bbc13485d10dc08d7ae2af632%7C1917185a187d415b87e6295e95df8a01%7C0%7C0%7C637169371849564177&amp;sdata=lLizrxI1bcRvkI6jcLLHkhbgLldltxRrzZomYxdR58g%3D&amp;reserved=0\">https:\/\/www.om.org\/ships\/<\/a>&nbsp;or&nbsp;<a href=\"https:\/\/nam03.safelinks.protection.outlook.com\/?url=https%3A%2F%2Fgbaships.org%2Fen%2F&amp;data=02%7C01%7CCatherine.Obrolchain%40om.org%7C7ce0d56bbc13485d10dc08d7ae2af632%7C1917185a187d415b87e6295e95df8a01%7C0%7C0%7C637169371849574170&amp;sdata=4L5eDtWy%2FX8%2BV0tU6D%2FXIypbZ%2BekBlj8%2Fqtg3zLVGBE%3D&amp;reserved=0\">https:\/\/gbaships.org\/en\/<\/a><\/p>\n<p><strong>&nbsp;<\/strong><\/p>\n<p><strong>&nbsp;<\/strong><\/p>\n<p><strong>Anam Cara&nbsp;Cork<\/strong> the organisation that supports bereaved parents, is holding a Parent Evening on 4th March&nbsp;at 7:20pm in The Clayton Hotel, Cork. This is a free event and open to all bereaved parents.<\/p>\n<p>&nbsp;<\/p>\n<p>Please click link below to view March Church Services<\/p>\n<p><span style=\"color: #ff0000;\"><a style=\"color: #ff0000;\" href=\"http:\/\/www.douglas.cork.anglican.org\/web\/wp-content\/uploads\/2020\/02\/Church-Services-March-2020.doc\">Church Services March 2020<\/a><\/span><\/p>\n","protected":false},"excerpt":{"rendered":"<p>The Rector writes\u2026\u2026 We are in the season of Lent. The word itself comes from an old English word meaning \u2018the lengthening of days\u2019 or Spring. In earliest times it was observed by those who were preparing for the baptism at Easter. Later the 40 days of Lent were identified with the 40 days Jesus spent in the wilderness. Each year it provides us with an opportunity to re-examine [&hellip;]<\/p>\n","protected":false},"author":3,"featured_media":11581,"comment_status":"closed","ping_status":"open","sticky":false,"template":"","format":"standard","meta":{"ngg_post_thumbnail":0,"footnotes":""},"categories":[2,5,6],"tags":[],"class_list":["post-12061","post","type-post","status-publish","format-standard","has-post-thumbnail","hentry","category-announcements","category-news","category-newsletters"],"_links":{"self":[{"href":"http:\/\/www.douglas.cork.anglican.org\/web\/wp-json\/wp\/v2\/posts\/12061","targetHints":{"allow":["GET"]}}],"collection":[{"href":"http:\/\/www.douglas.cork.anglican.org\/web\/wp-json\/wp\/v2\/posts"}],"about":[{"href":"http:\/\/www.douglas.cork.anglican.org\/web\/wp-json\/wp\/v2\/types\/post"}],"author":[{"embeddable":true,"href":"http:\/\/www.douglas.cork.anglican.org\/web\/wp-json\/wp\/v2\/users\/3"}],"replies":[{"embeddable":true,"href":"http:\/\/www.douglas.cork.anglican.org\/web\/wp-json\/wp\/v2\/comments?post=12061"}],"version-history":[{"count":5,"href":"http:\/\/www.douglas.cork.anglican.org\/web\/wp-json\/wp\/v2\/posts\/12061\/revisions"}],"predecessor-version":[{"id":12084,"href":"http:\/\/www.douglas.cork.anglican.org\/web\/wp-json\/wp\/v2\/posts\/12061\/revisions\/12084"}],"wp:featuredmedia":[{"embeddable":true,"href":"http:\/\/www.douglas.cork.anglican.org\/web\/wp-json\/wp\/v2\/media\/11581"}],"wp:attachment":[{"href":"http:\/\/www.douglas.cork.anglican.org\/web\/wp-json\/wp\/v2\/media?parent=12061"}],"wp:term":[{"taxonomy":"category","embeddable":true,"href":"http:\/\/www.douglas.cork.anglican.org\/web\/wp-json\/wp\/v2\/categories?post=12061"},{"taxonomy":"post_tag","embeddable":true,"href":"http:\/\/www.douglas.cork.anglican.org\/web\/wp-json\/wp\/v2\/tags?post=12061"}],"curies":[{"name":"wp","href":"https:\/\/api.w.org\/{rel}","templated":true}]}}