{"id":1549,"date":"2016-02-05T14:11:15","date_gmt":"2016-02-05T14:11:15","guid":{"rendered":"http:\/\/www.douglas.cork.anglican.org\/web\/?p=1549"},"modified":"2016-02-05T14:56:49","modified_gmt":"2016-02-05T14:56:49","slug":"parish-matters-february-2016","status":"publish","type":"post","link":"http:\/\/www.douglas.cork.anglican.org\/web\/parish-matters-february-2016\/","title":{"rendered":"Parish Matters February, 2016"},"content":{"rendered":"<p><strong>The Rector writes\u2026\u2026<\/strong><\/p>\n<p><img decoding=\"async\" class=\" alignright\" src=\"http:\/\/www.douglas.cork.anglican.org\/web\/wp-content\/uploads\/2016\/02\/Pilgrimage-300x138.jpg\" alt=\"Pilgrimage\" \/><!-- [if gte vml 1]><v:shapetype id=\"_x0000_t75\"\n coordsize=\"21600,21600\" o:spt=\"75\" o:preferrelative=\"t\" path=\"m@4@5l@4@11@9@11@9@5xe\"\n filled=\"f\" stroked=\"f\">\n <v:stroke joinstyle=\"miter\"><\/v:stroke>\n <v:formulas>\n  <v:f eqn=\"if lineDrawn pixelLineWidth 0\"><\/v:f>\n  <v:f eqn=\"sum @0 1 0\"><\/v:f>\n  <v:f eqn=\"sum 0 0 @1\"><\/v:f>\n  <v:f eqn=\"prod @2 1 2\"><\/v:f>\n  <v:f eqn=\"prod @3 21600 pixelWidth\"><\/v:f>\n  <v:f eqn=\"prod @3 21600 pixelHeight\"><\/v:f>\n  <v:f eqn=\"sum @0 0 1\"><\/v:f>\n  <v:f eqn=\"prod @6 1 2\"><\/v:f>\n  <v:f eqn=\"prod @7 21600 pixelWidth\"><\/v:f>\n  <v:f eqn=\"sum @8 21600 0\"><\/v:f>\n  <v:f eqn=\"prod @7 21600 pixelHeight\"><\/v:f>\n  <v:f eqn=\"sum @10 21600 0\"><\/v:f>\n <\/v:formulas>\n <v:path o:extrusionok=\"f\" gradientshapeok=\"t\" o:connecttype=\"rect\"><\/v:path>\n <o:lock v:ext=\"edit\" aspectratio=\"t\"><\/o:lock>\n<\/v:shapetype><v:shape id=\"_x0000_s1027\" type=\"#_x0000_t75\" alt=\"Lent course 2016 - Pilgrimage\"\n style='position:absolute;margin-left:-31.5pt;margin-top:-11.35pt;width:191.25pt;\n height:88pt;z-index:251658240'>\n <v:imagedata src=\"file:\/\/\/C:\/Users\/Paula\/AppData\/Local\/Temp\/msohtmlclip1\/01\/clip_image001.jpg\"\n  o:href=\"https:\/\/ctbi.org.uk\/wp-content\/uploads\/2015\/12\/Lent-2016-1000x460.jpg\"><\/v:imagedata>\n <w:wrap type=\"square\"><\/w:wrap>\n<\/v:shape><![endif]--><!-- [if !vml]--><!--[endif]-->This month sees the start of Lent. The theme we are adopting as a parish this year is \u2018<strong>PILGRIMAGE\u2019<\/strong>. We will be focusing on it is two specific ways. Firstly, each Friday morning we will be meeting upstairs in the Canon Packham Hall at 11.00am to explore the 2016 Lent Course on Pilgrimage prepared by Churches Together in Britain and Ireland (CTBI). Each participant will be given an attractive pack containing a booklet which outlines each of the weekly session and some discussion starters. We will think through how the very ancient idea of pilgrimage has something fresh to say to us today. There will be time for coffee\/tea and each week we will end with a brief reflective service. I hope by moving the time to the morning, it may facilitate those who do not like to drive in the dark winter evenings. All are welcome to come to some or all of these sessions.<\/p>\n<p>On Saturday 20 February we are going on a pilgrimage as a parish to <strong>Gougane Barra<\/strong>! I am delighted that one of our parishioners, Dr. Richard Scriven, has agreed to lead our day in West Cork. He recently co-authored a book entitled \u201cGraves, Wells &amp; Statues: Exploring the heritage and culture of pilgrimage in medieval and modern\u00a0Cork\u201d. The trip will bring history, landscape and devotion together and should appeal to many. Elsewhere in this issue of Parish Matters, you will see a short article by Richard which outlines the format of the day. It is flexible and so people can chose to opt for whatever suits them best. I very much hope that you will join me and the other clergy on the day. We may be joined by some of our friends from the Methodist and Roman Catholic Church locally. I take this opportunity to thank Richard of giving his time and expertise in this way.<\/p>\n<p>Elsewhere in this issue you will see a short article by <strong>Revd. David Compton<\/strong> who is currently serving in the diocese as a deacon. He is requesting help with the final stages of his academic dissertation. I would appeal to parishioners to contact him as he requests. His questions will not be difficult, but wants to draw on your different experiences of worship and reflections on how our Book of Common Prayer meets your pastoral needs. Hopefully David will be ordained a priest to serve somewhere in Ireland as a full time curate once he completes this final academic hurdle. We all have a vested interest in insuring we have clergy to serve in our parish so please help if you can.<\/p>\n<p>This month we also look forward to hosting visitors from the Lutheran Church in Sweden for the weekend of 14<sup>th<\/sup> February. The <strong>Dean of <\/strong><strong>Str\u00e4ngn\u00e4s,<\/strong> <strong>Very Rev Christofer<\/strong> <strong>Lundgren<\/strong> will be our guest preacher in St. Luke\u2019s Church that day. He and two other members of their Diocesan Council will be at the earlier service in Frankfield too. Please give our visitors a very warm welcome.<\/p>\n<p>Yours in Christ, \u00a0\u00a0\u00a0\u00a0\u00a0\u00a0\u00a0\u00a0\u00a0\u00a0\u00a0\u00a0\u00a0\u00a0 <strong>Adrian.<\/strong><\/p>\n<p>&nbsp;<\/p>\n<p>&nbsp;<\/p>\n<p><strong>New Organist <\/strong>We are delighted to announce the appointment of a new organist who \u00a0will play at services in St. Luke\u2019s Church. Mark Slade BA (MIT), ARCO, LTCL is well known to us in this parish. He currently plays the organ most Sundays in Holy Trinity Church in Frankfield as well as once a month in St. Mary\u2019s, Marmullane. Mark has studied the organ under Colin Nichols at the Cork School of Music and has attended organ masterclasses with Gillian Weir, Carlo Curley and Colin Walsh.As a qualified airline pilot, he combines a busy musical life with his profession as a multi-pilot manager and ground-school instructor. We look forward to Mark\u2019s continued input into the music and worshipping life of our parish.<\/p>\n<p>&nbsp;<\/p>\n<p><strong><img decoding=\"async\" class=\" alignleft\" src=\"http:\/\/www.douglas.cork.anglican.org\/web\/wp-content\/uploads\/2015\/12\/img_56619e27dc400.png\" alt=\"img_56619e27dc400\" width=\"124\" height=\"133\" \/>The Boys\u2019 Brigade <\/strong>The annual enrolment service for the 1<sup>st<\/sup> Cork Company of the Boys\u2019 Brigade takes place on Sunday 7<sup>th<\/sup> February at 11.15 in St. Luke\u2019s Church, Douglas. We look forward to the involvement of the members of the BB in our service that day.<\/p>\n<p>&nbsp;<\/p>\n<p>&nbsp;<\/p>\n<p><strong>Lunch<\/strong> The monthly lunches in Blackrock Old Schoolhouse are open to all. For only seven euro a nourishing three-course meal is served from 12.30 on the last Wednesday of the month. A Lenten Lunch (on Wednesday February 24<sup>th<\/sup>) will be a meatless meal, with profits going to a cause of the Rector\u2019s choice. This year he has chosen the Irish Guide Dogs for the Blind. Hopefully Alison Flack, who is a parishioner and works as a volunteer with this charity, will be able to attend and talk about its activities and bring along one of her dogs for all to see.<\/p>\n<p>&nbsp;<\/p>\n<p><strong><img decoding=\"async\" class=\" alignleft\" src=\"http:\/\/www.douglas.cork.anglican.org\/web\/wp-content\/uploads\/2015\/12\/img_56619da38392e.png\" alt=\"img_56619da38392e\" \/>St. Luke\u2019s National School School Notes <\/strong>In December we had 2 School Carol Services in which we raised over \u20ac1000 for Enable Ireland, our School Choir went to sing at St Luke\u2019s Home, we collected non-perishable items for St Vincent de Paul, our Parents association raised \u20ac1635 bag packing in Super Valu for school funds and we all enjoyed a very entertaining Talent Show on the last day of term. We have some \u201cNew Faces\u201d in St Luke\u2019s this year. We welcome Ms Dermody as our 4<sup>th<\/sup> Class teacher and we welcome Matilde Freire into 6<sup>th<\/sup> Class. Clyde Buttimer, a student from the University of Limerick also spent a week with us observing teaching methods as part of his training for becoming a woodwork teacher.<\/p>\n<p>&nbsp;<\/p>\n<p><strong>Lent <\/strong>We enter the season of Lent this month. On Ash Wednesday there will be celebrations of Holy Communion in St. Michael\u2019s Church, Blackrock and St. Luke\u2019s Church, Douglas at 11.00am and an evening Penitential Service in Holy Trinity Church, Frankfield at 8pm. Our traditional pattern of additional mid-week services throughout Lent will continue and be advertised locally.<\/p>\n<p>&nbsp;<\/p>\n<p><strong>Service &amp; Sausages<\/strong>: It is a fact of life that Sunday mornings can be a time when there may be other activities on. Children play hockey, rugby and many other sports and have various hobbies which take place at this time. This is an unfortunate fact of life, but one nevertheless. To provide another option, we are going to hold a monthly service and sausages on the first Sunday of the month in St Luke\u2019s Church, Douglas at 6pm. It will comprise of a short service with a couple of well-known hymns, some prayers and a very short address. It will be aimed at primary school children and will be no more than 30 minutes long. This won\u2019t be possible without the help and support of parents both to encourage and bring their children and help to cook and serve the food afterwards. The first service will be held at 6pm on Sunday 7th February. We thank Reverend David Bowles who is heading up this initiative.<\/p>\n<p>&nbsp;<\/p>\n<p>&nbsp;<\/p>\n<p><strong><img decoding=\"async\" class=\" alignleft\" src=\"http:\/\/www.douglas.cork.anglican.org\/web\/wp-content\/uploads\/2016\/02\/Gougane-Barra.jpg\" alt=\"Gougane Barra\" \/>Pilgrimage: <\/strong>Pilgrimage has always been part of Christian spirituality focusing on the themes of journeying, renewal, and hopefulness. Today pilgrimage is witnessing a revival as it becomes more ecumenical and flexible. It is not only about walking the Camino de Santiago or travelling to the Holy Land, it is about following historic routes, journeying with our neighbours, and, most significantly, purposefully making time for reflection and prayer.<\/p>\n<p>As part of the Douglas Union of Parishes Lenten Pilgrimage Theme, we are organising a short day pilgrimage to Gougane Barra in west Cork on Saturday 20<sup>th<\/sup> February. In the sixth century, St Fin Barre is believed to have established a monastic foundation in this secluded valley, which is also the primary source of the River Lee. This pilgrimage presents us with an opportunity to take some time during Lent for prayer and fellowship in a spiritually, culturally, and naturally rich space. We can connect with our faith and its heritage in a fresh way by travelling to one of the main places linked with the diocesan saintly patron.<\/p>\n<p>For those who feel up to it, the day will begin with a walk around the forest park with time for reflection along the way. There will also be an opportunity to stroll by the lakeside for those who prefer a gentler excursion. The whole group will then have a short tour of the site and a service of readings and prayers encompassing the pilgrimage theme. Afterwards, we will stop for refreshments in Macroom on the way home.<\/p>\n<p><strong>Saturday 20<sup>th<\/sup> February<\/strong><\/p>\n<p>11.00 Arrive Gougane Barra for longer walk<\/p>\n<p>12.00 Arrive Gougane Barra for everyone else<\/p>\n<p>12.30 Talk and tour of site<\/p>\n<p>13.00 Prayers and Reflection<\/p>\n<p>14.00 Refreshments in Macroom\u00a0 \u00a0\u00a0<em>Dr. Richard Scriven<\/em><em>\u00a0<\/em><\/p>\n<p><em>\u00a0<\/em><\/p>\n<p><strong>\u00a0<\/strong><\/p>\n<p><strong>Cathedral Evensong <\/strong>While on the theme of pilgrimage, another suggestion for parishioners to consider is to attend evensong at St. Fin Barre\u2019s Cathedral on Mothering Sunday 6<sup>th<\/sup> March at the new service time there of 3.30. That day is a traditional one when people made an effort to attend their \u2018mother church\u2019. The parish clergy will be attending the service in the cathedral that day and we hope to be joined by many parishioners from Douglas Union with Frankfield.<\/p>\n<p>&nbsp;<\/p>\n<p><strong><img decoding=\"async\" class=\" alignright\" src=\"http:\/\/www.douglas.cork.anglican.org\/web\/wp-content\/uploads\/2015\/10\/img_560e73014c214.png\" alt=\"img_560e73014c214\" \/>Coffee Morning<\/strong> in St. Mary\u2019s Church Hall, Marmullane at 10-12 noon on Saturday, 27<sup>th<\/sup> February. Admission \u20ac3 to include tea\/coffee plus scone.\u00a0 Sales table and raffle.\u00a0 In aid of restoration fund.<\/p>\n<p>&nbsp;<\/p>\n<p>&nbsp;<\/p>\n<p><strong>Bring and Buy<\/strong> Early notice is given of Blackrock\u2019s Spring Sale which will take place on Saturday March 12 from 10am to 12noon. This pre-Easter event will offer a variety of attractions, including cakes, plants, crafts, books as well as refreshments. The event, in the Old Schoolhouse, is in aid of parish funds.<\/p>\n<p>&nbsp;<\/p>\n<p><strong>Heritage Churches in County Cork<\/strong> A new book on this theme was published recently by the Heritage Unit of Cork County Council. It includes pictures and some fascinating historical details and information about churches of different denominations in the county. A very interesting article on St. Luke\u2019s Church in Douglas by churchwarden and historian Dr. Aoife Bhreathnach, was included in this publication. We thank her for her research and work on this. It is good that St. Luke\u2019s is profiled in this way.<\/p>\n<p>&nbsp;<\/p>\n<p><strong><img decoding=\"async\" class=\" alignleft\" src=\"http:\/\/www.douglas.cork.anglican.org\/web\/wp-content\/uploads\/2016\/02\/Rev-Compton.jpg\" alt=\"Rev Compton\" \/>Reverend David Compton<\/strong>, a theological student studying for ordination at the Church of Ireland Theological Institute, is working on a master\u2019s dissertation at Trinity College Dublin as part of his post-graduate degree programme. He is studying the topic of pastoral care in parishes and is interested in spending a few minutes with anyone who would like to speak with him about this subject. (All conversations are, of course, confidential and information anonymous.) He would find it very helpful to speak with parishioners to give him some more \u2018real world\u2019 input to go along with all the necessary \u2018book learning\u2019 that has gone into his dissertation. He has already spoken with people in a West Cork parish about this topic. \u00a0He is engaged in an internship this academic year as an ordained deacon in the Kilmocomogue Parish Union, serving Bantry, Durrus, and Castletownbere. He regularly leads services in those parishes and has an active ministry of pastoral care. David also teaches the juniors at the two national schools in the parishes and regularly visits patients in Bantry Community Hospital. He anticipates \u2013 God willing! &#8212; being ordained a priest later this year. You do not need to have had any particular experience with pastoral care \u2013 David would love to speak with you about the general topic. Would you be able to spent a few minutes with David sometime during the week of February 15-19? You may reach him on his mobile at 087.752.8448, or on his email at <a href=\"mailto:revdavidcompton@gmail.com\">revdavidcompton@gmail.com<\/a><\/p>\n<p>&nbsp;<\/p>\n<p><strong>The Bishop has asked that your attention is drawn to the information below.<\/strong><\/p>\n<p>\u2018Please convey my thanks to the people of the parishes for their generous support for my local diocesan appeal in response to the floods in our Diocese. \u00a0 An incredible \u20ac65,000 has been donated by the people of this Diocese, of which \u20ac24,000 came from the retiring collections on the first two Sundays of January, and \u20ac41,000 in direct donations from individuals within the Diocese.\u00a0 I am hugely grateful and, on behalf of those affected by the floods, I say a very warm &#8216;thank you&#8217;.\u00a0 The fund is still open for the receipt of donations.\u00a0 Quite a number of donors have indicated also that they wish their donation to assist in building up a fund to support those in need when future need arises also. \u00a0 Meanwhile current needs are being met in consultation with local clergy and other agencies in the communities affected.\u2019<\/p>\n<p>&nbsp;<\/p>\n<p><strong><img decoding=\"async\" class=\" alignleft\" src=\"http:\/\/www.douglas.cork.anglican.org\/web\/wp-content\/uploads\/2016\/02\/swedish-flag-248x300.jpg\" alt=\"swedish flag\" width=\"108\" height=\"130\" \/>Visit from the Church of Sweden<\/strong><\/p>\n<p>Our Diocese will be host, under the auspices of the Porvoo Agreement, to a visiting group from the Church of Sweden during the weekend of 12th to 16th February next.\u00a0 The Bishop of\u00a0Str\u00e4ngn\u00e4s together with the Bishop&#8217;s Council and the Chapter of the Diocese of Str\u00e4ngn\u00e4s will hold one of their own Diocesan Meetings in our Diocese and will tour parts of our Diocese and visit a number of parishes. Clergy, readers and parishioners of this Diocese are invited to come to St Fin Barre&#8217;s Cathedral, Cork on Sunday, 14th February for Evensong at 3.30 p.m. to join our Swedish guests in worship.<\/p>\n<p>Earlier that day, Very Revd. Christofer Lundgren will be the guest preacher at our service in St. Luke\u2019s Church. He will also be attending the service in Holy Trinity Church in Frankfield. We also welcome Mrs Agneta Gustavsson and Mrs Marianne Thor, who are both members of the Bishop\u2019s Council in the Diocese of Str\u00e4ngn\u00e4s, to our parish that weekend.<\/p>\n<p>&nbsp;<\/p>\n<p>&nbsp;<\/p>\n<p id=\"JfxRFdD\">\n<p><img decoding=\"async\" class=\" aligncenter\" src=\"http:\/\/www.douglas.cork.anglican.org\/web\/wp-content\/uploads\/2016\/02\/bishop-with-swedish-bishop-300x225.jpg\" alt=\"bishop with swedish bishop\" width=\"487\" height=\"365\" \/><\/p>\n<p>The Bishop with Bishop Johan Dalman, Bishop of Str\u00e4ngn\u00e4s after his consecration in Sweden last year.<\/p>\n<p>&nbsp;<\/p>\n<p><strong>The International World Day of Prayer Service<\/strong> will be hosted in St. Luke\u2019s Church this year on Friday, 4<sup>th<\/sup> March at 11am.\u00a0 All are welcome<\/p>\n","protected":false},"excerpt":{"rendered":"<p>The Rector writes\u2026\u2026 This month sees the start of Lent. The theme we are adopting as a parish this year is \u2018PILGRIMAGE\u2019. We will be focusing on it is two specific ways. Firstly, each Friday morning we will be meeting upstairs in the Canon Packham Hall at 11.00am to explore the 2016 Lent Course on Pilgrimage prepared by Churches Together in Britain and Ireland (CTBI). Each participant will be [&hellip;]<\/p>\n","protected":false},"author":3,"featured_media":0,"comment_status":"closed","ping_status":"open","sticky":false,"template":"","format":"standard","meta":{"ngg_post_thumbnail":0,"footnotes":""},"categories":[2,5,6],"tags":[],"class_list":["post-1549","post","type-post","status-publish","format-standard","hentry","category-announcements","category-news","category-newsletters"],"_links":{"self":[{"href":"http:\/\/www.douglas.cork.anglican.org\/web\/wp-json\/wp\/v2\/posts\/1549","targetHints":{"allow":["GET"]}}],"collection":[{"href":"http:\/\/www.douglas.cork.anglican.org\/web\/wp-json\/wp\/v2\/posts"}],"about":[{"href":"http:\/\/www.douglas.cork.anglican.org\/web\/wp-json\/wp\/v2\/types\/post"}],"author":[{"embeddable":true,"href":"http:\/\/www.douglas.cork.anglican.org\/web\/wp-json\/wp\/v2\/users\/3"}],"replies":[{"embeddable":true,"href":"http:\/\/www.douglas.cork.anglican.org\/web\/wp-json\/wp\/v2\/comments?post=1549"}],"version-history":[{"count":4,"href":"http:\/\/www.douglas.cork.anglican.org\/web\/wp-json\/wp\/v2\/posts\/1549\/revisions"}],"predecessor-version":[{"id":1566,"href":"http:\/\/www.douglas.cork.anglican.org\/web\/wp-json\/wp\/v2\/posts\/1549\/revisions\/1566"}],"wp:attachment":[{"href":"http:\/\/www.douglas.cork.anglican.org\/web\/wp-json\/wp\/v2\/media?parent=1549"}],"wp:term":[{"taxonomy":"category","embeddable":true,"href":"http:\/\/www.douglas.cork.anglican.org\/web\/wp-json\/wp\/v2\/categories?post=1549"},{"taxonomy":"post_tag","embeddable":true,"href":"http:\/\/www.douglas.cork.anglican.org\/web\/wp-json\/wp\/v2\/tags?post=1549"}],"curies":[{"name":"wp","href":"https:\/\/api.w.org\/{rel}","templated":true}]}}